{"id":4191,"date":"2025-06-21T20:00:05","date_gmt":"2025-06-21T20:00:05","guid":{"rendered":"https:\/\/www.voyageursimmobiles.ca\/?p=4191"},"modified":"2025-07-24T20:07:38","modified_gmt":"2025-07-24T20:07:38","slug":"journee-des-peuples-autochtones-et-150e-representation","status":"publish","type":"post","link":"https:\/\/www.voyageursimmobiles.ca\/pl\/2025\/06\/21\/journee-des-peuples-autochtones-et-150e-representation\/","title":{"rendered":"Journ\u00e9e des Peuples Autochtones et 150e repr\u00e9sentation"},"content":{"rendered":"\n<p>Ce 21 juin, nous avons c\u00e9l\u00e9br\u00e9 la Journ\u00e9e des Peuples Autochtones et la 150e repr\u00e9sentation de G&#8217;zaagiin male\u0144ki &#8211; Je te promets une for\u00eat. Des \u00e9motions \u00e9taient au rendez-vous!<\/p>\n","protected":false},"excerpt":{"rendered":"<p>Ce 21 juin, nous avons c\u00e9l\u00e9br\u00e9 la Journ\u00e9e des Peuples Autochtones et la 150e repr\u00e9sentation de G&#8217;zaagiin male\u0144ki &#8211; Je te promets une for\u00eat. Des \u00e9motions \u00e9taient au rendez-vous!<\/p>\n","protected":false},"author":3,"featured_media":4192,"comment_status":"closed","ping_status":"open","sticky":false,"template":"","format":"standard","meta":{"_acf_changed":false,"_et_pb_use_builder":"off","_et_pb_old_content":"","_et_gb_content_width":"","footnotes":""},"categories":[1],"tags":[],"class_list":["post-4191","post","type-post","status-publish","format-standard","has-post-thumbnail","hentry","category-non-classifiee"],"acf":[],"_links":{"self":[{"href":"https:\/\/www.voyageursimmobiles.ca\/pl\/wp-json\/wp\/v2\/posts\/4191","targetHints":{"allow":["GET"]}}],"collection":[{"href":"https:\/\/www.voyageursimmobiles.ca\/pl\/wp-json\/wp\/v2\/posts"}],"about":[{"href":"https:\/\/www.voyageursimmobiles.ca\/pl\/wp-json\/wp\/v2\/types\/post"}],"author":[{"embeddable":true,"href":"https:\/\/www.voyageursimmobiles.ca\/pl\/wp-json\/wp\/v2\/users\/3"}],"replies":[{"embeddable":true,"href":"https:\/\/www.voyageursimmobiles.ca\/pl\/wp-json\/wp\/v2\/comments?post=4191"}],"version-history":[{"count":2,"href":"https:\/\/www.voyageursimmobiles.ca\/pl\/wp-json\/wp\/v2\/posts\/4191\/revisions"}],"predecessor-version":[{"id":4196,"href":"https:\/\/www.voyageursimmobiles.ca\/pl\/wp-json\/wp\/v2\/posts\/4191\/revisions\/4196"}],"wp:featuredmedia":[{"embeddable":true,"href":"https:\/\/www.voyageursimmobiles.ca\/pl\/wp-json\/wp\/v2\/media\/4192"}],"wp:attachment":[{"href":"https:\/\/www.voyageursimmobiles.ca\/pl\/wp-json\/wp\/v2\/media?parent=4191"}],"wp:term":[{"taxonomy":"category","embeddable":true,"href":"https:\/\/www.voyageursimmobiles.ca\/pl\/wp-json\/wp\/v2\/categories?post=4191"},{"taxonomy":"post_tag","embeddable":true,"href":"https:\/\/www.voyageursimmobiles.ca\/pl\/wp-json\/wp\/v2\/tags?post=4191"}],"curies":[{"name":"wp","href":"https:\/\/api.w.org\/{rel}","templated":true}]}}