{"id":4130,"date":"2024-09-12T15:33:06","date_gmt":"2024-09-12T15:33:06","guid":{"rendered":"https:\/\/www.voyageursimmobiles.ca\/?p=4130"},"modified":"2024-10-22T15:40:14","modified_gmt":"2024-10-22T15:40:14","slug":"onde-a-la-nouvelle-scene-gilles-desjardins-lancement-de-saison","status":"publish","type":"post","link":"https:\/\/www.voyageursimmobiles.ca\/en\/2024\/09\/12\/onde-a-la-nouvelle-scene-gilles-desjardins-lancement-de-saison\/","title":{"rendered":"ONDE \u00e0 la Nouvelle Sc\u00e8ne Gilles Desjardins: lancement de saison"},"content":{"rendered":"\n<p>Ce jeudi, 12 septembre, nous avons assist\u00e9 au lancement de la saison 2024-25 de la <a href=\"https:\/\/www.nouvellescene.com\/programme\/onde\/\" target=\"_blank\" rel=\"noopener\">Nouvelle Sc\u00e8ne Gilles Desjardins<\/a> \u00e0 Ottawa. ONDE figure parmi les projets accueillis cette ann\u00e9e par le <a href=\"https:\/\/letrillium.com\/\" target=\"_blank\" rel=\"noopener\">Trillium<\/a>. Venez voir la premi\u00e8re canadienne de ce spectacle international et interg\u00e9n\u00e9rationnel, du 29 janvier au 1 f\u00e9vrier 2025! <\/p>\n","protected":false},"excerpt":{"rendered":"<p>Ce jeudi, 12 septembre, nous avons assist\u00e9 au lancement de la saison 2024-25 de la Nouvelle Sc\u00e8ne Gilles Desjardins \u00e0 Ottawa. ONDE figure parmi les projets accueillis cette ann\u00e9e par [&hellip;]<\/p>\n","protected":false},"author":3,"featured_media":4131,"comment_status":"closed","ping_status":"open","sticky":false,"template":"","format":"standard","meta":{"_acf_changed":false,"_et_pb_use_builder":"off","_et_pb_old_content":"","_et_gb_content_width":"","footnotes":""},"categories":[1],"tags":[],"class_list":["post-4130","post","type-post","status-publish","format-standard","has-post-thumbnail","hentry","category-non-classifiee"],"acf":[],"_links":{"self":[{"href":"https:\/\/www.voyageursimmobiles.ca\/en\/wp-json\/wp\/v2\/posts\/4130","targetHints":{"allow":["GET"]}}],"collection":[{"href":"https:\/\/www.voyageursimmobiles.ca\/en\/wp-json\/wp\/v2\/posts"}],"about":[{"href":"https:\/\/www.voyageursimmobiles.ca\/en\/wp-json\/wp\/v2\/types\/post"}],"author":[{"embeddable":true,"href":"https:\/\/www.voyageursimmobiles.ca\/en\/wp-json\/wp\/v2\/users\/3"}],"replies":[{"embeddable":true,"href":"https:\/\/www.voyageursimmobiles.ca\/en\/wp-json\/wp\/v2\/comments?post=4130"}],"version-history":[{"count":1,"href":"https:\/\/www.voyageursimmobiles.ca\/en\/wp-json\/wp\/v2\/posts\/4130\/revisions"}],"predecessor-version":[{"id":4134,"href":"https:\/\/www.voyageursimmobiles.ca\/en\/wp-json\/wp\/v2\/posts\/4130\/revisions\/4134"}],"wp:featuredmedia":[{"embeddable":true,"href":"https:\/\/www.voyageursimmobiles.ca\/en\/wp-json\/wp\/v2\/media\/4131"}],"wp:attachment":[{"href":"https:\/\/www.voyageursimmobiles.ca\/en\/wp-json\/wp\/v2\/media?parent=4130"}],"wp:term":[{"taxonomy":"category","embeddable":true,"href":"https:\/\/www.voyageursimmobiles.ca\/en\/wp-json\/wp\/v2\/categories?post=4130"},{"taxonomy":"post_tag","embeddable":true,"href":"https:\/\/www.voyageursimmobiles.ca\/en\/wp-json\/wp\/v2\/tags?post=4130"}],"curies":[{"name":"wp","href":"https:\/\/api.w.org\/{rel}","templated":true}]}}