{"id":4120,"date":"2024-08-20T17:28:00","date_gmt":"2024-08-20T17:28:00","guid":{"rendered":"https:\/\/www.voyageursimmobiles.ca\/?p=4120"},"modified":"2024-10-22T14:18:34","modified_gmt":"2024-10-22T14:18:34","slug":"onde-extraits-au-festival-des-faubourgs-montreal","status":"publish","type":"post","link":"https:\/\/www.voyageursimmobiles.ca\/en\/2024\/08\/20\/onde-extraits-au-festival-des-faubourgs-montreal\/","title":{"rendered":"ONDE extraits au Festival des Faubourgs, Montr\u00e9al"},"content":{"rendered":"\n<p>Les 24 et 25 aout 2025, nous pr\u00e9sentons des extraits de ONDE dans le tout nouveau Festival des Faubourgs \u00e0 Montr\u00e9al! Le d\u00e9part se fait du Parc Coupal et ensuite nous nous dirigions vers Espace Libre, juste \u00e0 c\u00f4t\u00e9.  <\/p>\n","protected":false},"excerpt":{"rendered":"<p>Les 24 et 25 aout 2025, nous pr\u00e9sentons des extraits de ONDE dans le tout nouveau Festival des Faubourgs \u00e0 Montr\u00e9al! Le d\u00e9part se fait du Parc Coupal et ensuite [&hellip;]<\/p>\n","protected":false},"author":3,"featured_media":4019,"comment_status":"closed","ping_status":"open","sticky":false,"template":"","format":"standard","meta":{"_acf_changed":false,"_et_pb_use_builder":"off","_et_pb_old_content":"","_et_gb_content_width":"","footnotes":""},"categories":[1],"tags":[],"class_list":["post-4120","post","type-post","status-publish","format-standard","has-post-thumbnail","hentry","category-non-classifiee"],"acf":[],"_links":{"self":[{"href":"https:\/\/www.voyageursimmobiles.ca\/en\/wp-json\/wp\/v2\/posts\/4120","targetHints":{"allow":["GET"]}}],"collection":[{"href":"https:\/\/www.voyageursimmobiles.ca\/en\/wp-json\/wp\/v2\/posts"}],"about":[{"href":"https:\/\/www.voyageursimmobiles.ca\/en\/wp-json\/wp\/v2\/types\/post"}],"author":[{"embeddable":true,"href":"https:\/\/www.voyageursimmobiles.ca\/en\/wp-json\/wp\/v2\/users\/3"}],"replies":[{"embeddable":true,"href":"https:\/\/www.voyageursimmobiles.ca\/en\/wp-json\/wp\/v2\/comments?post=4120"}],"version-history":[{"count":1,"href":"https:\/\/www.voyageursimmobiles.ca\/en\/wp-json\/wp\/v2\/posts\/4120\/revisions"}],"predecessor-version":[{"id":4121,"href":"https:\/\/www.voyageursimmobiles.ca\/en\/wp-json\/wp\/v2\/posts\/4120\/revisions\/4121"}],"wp:featuredmedia":[{"embeddable":true,"href":"https:\/\/www.voyageursimmobiles.ca\/en\/wp-json\/wp\/v2\/media\/4019"}],"wp:attachment":[{"href":"https:\/\/www.voyageursimmobiles.ca\/en\/wp-json\/wp\/v2\/media?parent=4120"}],"wp:term":[{"taxonomy":"category","embeddable":true,"href":"https:\/\/www.voyageursimmobiles.ca\/en\/wp-json\/wp\/v2\/categories?post=4120"},{"taxonomy":"post_tag","embeddable":true,"href":"https:\/\/www.voyageursimmobiles.ca\/en\/wp-json\/wp\/v2\/tags?post=4120"}],"curies":[{"name":"wp","href":"https:\/\/api.w.org\/{rel}","templated":true}]}}