{"id":4112,"date":"2024-06-30T17:18:00","date_gmt":"2024-06-30T17:18:00","guid":{"rendered":"https:\/\/www.voyageursimmobiles.ca\/?p=4112"},"modified":"2024-10-18T17:28:16","modified_gmt":"2024-10-18T17:28:16","slug":"onde-presentation-du-projet-au-festival-il-giradino-delle-esperidi-italie","status":"publish","type":"post","link":"https:\/\/www.voyageursimmobiles.ca\/en\/2024\/06\/30\/onde-presentation-du-projet-au-festival-il-giradino-delle-esperidi-italie\/","title":{"rendered":"ONDE &#8211; pr\u00e9sentation du projet au Festival Il Giradino delle Esp\u00e8ridi, Italie"},"content":{"rendered":"\n<p>Ce dimanche, 30 juin, nous parlons du projet et de notre processus de cr\u00e9ation avec le journaliste Walter Porcedda et le directeur artistique du Festival, Michele Losi, devant un public curieux et r\u00e9actif. Campsirago Residenza: c&#8217;est ici qu&#8217;aura lieu la premi\u00e8re italienne de notre cr\u00e9ation, en novembre 2024. <\/p>\n","protected":false},"excerpt":{"rendered":"<p>Ce dimanche, 30 juin, nous parlons du projet et de notre processus de cr\u00e9ation avec le journaliste Walter Porcedda et le directeur artistique du Festival, Michele Losi, devant un public [&hellip;]<\/p>\n","protected":false},"author":3,"featured_media":4116,"comment_status":"closed","ping_status":"open","sticky":false,"template":"","format":"standard","meta":{"_acf_changed":false,"_et_pb_use_builder":"off","_et_pb_old_content":"","_et_gb_content_width":"","footnotes":""},"categories":[1],"tags":[],"class_list":["post-4112","post","type-post","status-publish","format-standard","has-post-thumbnail","hentry","category-non-classifiee"],"acf":[],"_links":{"self":[{"href":"https:\/\/www.voyageursimmobiles.ca\/en\/wp-json\/wp\/v2\/posts\/4112","targetHints":{"allow":["GET"]}}],"collection":[{"href":"https:\/\/www.voyageursimmobiles.ca\/en\/wp-json\/wp\/v2\/posts"}],"about":[{"href":"https:\/\/www.voyageursimmobiles.ca\/en\/wp-json\/wp\/v2\/types\/post"}],"author":[{"embeddable":true,"href":"https:\/\/www.voyageursimmobiles.ca\/en\/wp-json\/wp\/v2\/users\/3"}],"replies":[{"embeddable":true,"href":"https:\/\/www.voyageursimmobiles.ca\/en\/wp-json\/wp\/v2\/comments?post=4112"}],"version-history":[{"count":1,"href":"https:\/\/www.voyageursimmobiles.ca\/en\/wp-json\/wp\/v2\/posts\/4112\/revisions"}],"predecessor-version":[{"id":4119,"href":"https:\/\/www.voyageursimmobiles.ca\/en\/wp-json\/wp\/v2\/posts\/4112\/revisions\/4119"}],"wp:featuredmedia":[{"embeddable":true,"href":"https:\/\/www.voyageursimmobiles.ca\/en\/wp-json\/wp\/v2\/media\/4116"}],"wp:attachment":[{"href":"https:\/\/www.voyageursimmobiles.ca\/en\/wp-json\/wp\/v2\/media?parent=4112"}],"wp:term":[{"taxonomy":"category","embeddable":true,"href":"https:\/\/www.voyageursimmobiles.ca\/en\/wp-json\/wp\/v2\/categories?post=4112"},{"taxonomy":"post_tag","embeddable":true,"href":"https:\/\/www.voyageursimmobiles.ca\/en\/wp-json\/wp\/v2\/tags?post=4112"}],"curies":[{"name":"wp","href":"https:\/\/api.w.org\/{rel}","templated":true}]}}