{"id":3992,"date":"2023-11-03T13:37:00","date_gmt":"2023-11-03T13:37:00","guid":{"rendered":"https:\/\/www.voyageursimmobiles.ca\/?p=3992"},"modified":"2024-06-11T13:41:26","modified_gmt":"2024-06-11T13:41:26","slug":"onde-residence-de-creation-a-campsirago-italie","status":"publish","type":"post","link":"https:\/\/www.voyageursimmobiles.ca\/en\/2023\/11\/03\/onde-residence-de-creation-a-campsirago-italie\/","title":{"rendered":"ONDE &#8211; r\u00e9sidence de cr\u00e9ation \u00e0 Campsirago, Italie"},"content":{"rendered":"\n<p>Jour 3 du travail sur ONDE, une coproduction d\u00e9ambulatoire et sonore de <a href=\"https:\/\/www.facebook.com\/profile.php?id=100064561007851&amp;__cft__[0]=AZUzNeCClVmLBp07EjcxlpS0xHdzU3Etkxg7iYmRUkR8fM8_X_3scOgNXrA_TSGTpZZ_BpR3BlBdBw6q9eJqYljFlR5yZ29FnIjvScteMl1txfLHZYNyI5JZNzrkD_iSiuarpItbu07N4fdZ9wsQVv2LHZ8NKUe8PT4M4cvQSocFRs9OtIMq-qXjwMqQKBVfNd0&amp;__tn__=-]K-R\" target=\"_blank\" rel=\"noopener\">Voyageurs Immobiles, Cie. de cr\u00e9ation<\/a> et de <a href=\"https:\/\/www.facebook.com\/wundertruppe?__cft__[0]=AZUzNeCClVmLBp07EjcxlpS0xHdzU3Etkxg7iYmRUkR8fM8_X_3scOgNXrA_TSGTpZZ_BpR3BlBdBw6q9eJqYljFlR5yZ29FnIjvScteMl1txfLHZYNyI5JZNzrkD_iSiuarpItbu07N4fdZ9wsQVv2LHZ8NKUe8PT4M4cvQSocFRs9OtIMq-qXjwMqQKBVfNd0&amp;__tn__=-]K-R\" target=\"_blank\" rel=\"noopener\">Wundertruppe<\/a>.<\/p>\n\n\n\n<p>Cette fois, nous nous retrouvons \u00e0 <a href=\"https:\/\/www.facebook.com\/CampsiragoResidenza?__cft__[0]=AZUzNeCClVmLBp07EjcxlpS0xHdzU3Etkxg7iYmRUkR8fM8_X_3scOgNXrA_TSGTpZZ_BpR3BlBdBw6q9eJqYljFlR5yZ29FnIjvScteMl1txfLHZYNyI5JZNzrkD_iSiuarpItbu07N4fdZ9wsQVv2LHZ8NKUe8PT4M4cvQSocFRs9OtIMq-qXjwMqQKBVfNd0&amp;__tn__=-]K-R\" target=\"_blank\" rel=\"noopener\">Campsirago Residenza<\/a>, pas loin de Milan en Italie. Un bonheur de continuer ce travail sur le fond des vagues, des mots de Virginia Woolf et des paroles des personnes rencontr\u00e9es \u00e0 chaque \u00e9tape de la cr\u00e9ation, qui nous parlent d&#8217;amiti\u00e9.<\/p>\n\n\n\n<p>Avec <a href=\"https:\/\/www.facebook.com\/mariehelene.m.emond?__cft__[0]=AZUzNeCClVmLBp07EjcxlpS0xHdzU3Etkxg7iYmRUkR8fM8_X_3scOgNXrA_TSGTpZZ_BpR3BlBdBw6q9eJqYljFlR5yZ29FnIjvScteMl1txfLHZYNyI5JZNzrkD_iSiuarpItbu07N4fdZ9wsQVv2LHZ8NKUe8PT4M4cvQSocFRs9OtIMq-qXjwMqQKBVfNd0&amp;__tn__=-]K-R\" target=\"_blank\" rel=\"noopener\">Marie-Helene Massy Emond<\/a>, <a href=\"https:\/\/www.facebook.com\/giulia.tollis.5?__cft__[0]=AZUzNeCClVmLBp07EjcxlpS0xHdzU3Etkxg7iYmRUkR8fM8_X_3scOgNXrA_TSGTpZZ_BpR3BlBdBw6q9eJqYljFlR5yZ29FnIjvScteMl1txfLHZYNyI5JZNzrkD_iSiuarpItbu07N4fdZ9wsQVv2LHZ8NKUe8PT4M4cvQSocFRs9OtIMq-qXjwMqQKBVfNd0&amp;__tn__=-]K-R\" target=\"_blank\" rel=\"noopener\">Giulia Tollis<\/a>, <a href=\"https:\/\/www.facebook.com\/natalie.fella.9?__cft__[0]=AZUzNeCClVmLBp07EjcxlpS0xHdzU3Etkxg7iYmRUkR8fM8_X_3scOgNXrA_TSGTpZZ_BpR3BlBdBw6q9eJqYljFlR5yZ29FnIjvScteMl1txfLHZYNyI5JZNzrkD_iSiuarpItbu07N4fdZ9wsQVv2LHZ8NKUe8PT4M4cvQSocFRs9OtIMq-qXjwMqQKBVfNd0&amp;__tn__=-]K-R\" target=\"_blank\" rel=\"noopener\">Natalie Fella<\/a>, <a href=\"https:\/\/www.facebook.com\/milena.buziak?__cft__[0]=AZUzNeCClVmLBp07EjcxlpS0xHdzU3Etkxg7iYmRUkR8fM8_X_3scOgNXrA_TSGTpZZ_BpR3BlBdBw6q9eJqYljFlR5yZ29FnIjvScteMl1txfLHZYNyI5JZNzrkD_iSiuarpItbu07N4fdZ9wsQVv2LHZ8NKUe8PT4M4cvQSocFRs9OtIMq-qXjwMqQKBVfNd0&amp;__tn__=-]K-R\" target=\"_blank\" rel=\"noopener\">Milena Buziak<\/a><\/p>\n","protected":false},"excerpt":{"rendered":"<p>Jour 3 du travail sur ONDE, une coproduction d\u00e9ambulatoire et sonore de Voyageurs Immobiles, Cie. de cr\u00e9ation et de Wundertruppe. Cette fois, nous nous retrouvons \u00e0 Campsirago Residenza, pas loin [&hellip;]<\/p>\n","protected":false},"author":3,"featured_media":3962,"comment_status":"closed","ping_status":"open","sticky":false,"template":"","format":"standard","meta":{"_acf_changed":false,"_et_pb_use_builder":"off","_et_pb_old_content":"","_et_gb_content_width":"","footnotes":""},"categories":[1],"tags":[],"class_list":["post-3992","post","type-post","status-publish","format-standard","has-post-thumbnail","hentry","category-non-classifiee"],"acf":[],"_links":{"self":[{"href":"https:\/\/www.voyageursimmobiles.ca\/en\/wp-json\/wp\/v2\/posts\/3992","targetHints":{"allow":["GET"]}}],"collection":[{"href":"https:\/\/www.voyageursimmobiles.ca\/en\/wp-json\/wp\/v2\/posts"}],"about":[{"href":"https:\/\/www.voyageursimmobiles.ca\/en\/wp-json\/wp\/v2\/types\/post"}],"author":[{"embeddable":true,"href":"https:\/\/www.voyageursimmobiles.ca\/en\/wp-json\/wp\/v2\/users\/3"}],"replies":[{"embeddable":true,"href":"https:\/\/www.voyageursimmobiles.ca\/en\/wp-json\/wp\/v2\/comments?post=3992"}],"version-history":[{"count":1,"href":"https:\/\/www.voyageursimmobiles.ca\/en\/wp-json\/wp\/v2\/posts\/3992\/revisions"}],"predecessor-version":[{"id":3993,"href":"https:\/\/www.voyageursimmobiles.ca\/en\/wp-json\/wp\/v2\/posts\/3992\/revisions\/3993"}],"wp:featuredmedia":[{"embeddable":true,"href":"https:\/\/www.voyageursimmobiles.ca\/en\/wp-json\/wp\/v2\/media\/3962"}],"wp:attachment":[{"href":"https:\/\/www.voyageursimmobiles.ca\/en\/wp-json\/wp\/v2\/media?parent=3992"}],"wp:term":[{"taxonomy":"category","embeddable":true,"href":"https:\/\/www.voyageursimmobiles.ca\/en\/wp-json\/wp\/v2\/categories?post=3992"},{"taxonomy":"post_tag","embeddable":true,"href":"https:\/\/www.voyageursimmobiles.ca\/en\/wp-json\/wp\/v2\/tags?post=3992"}],"curies":[{"name":"wp","href":"https:\/\/api.w.org\/{rel}","templated":true}]}}