{"id":3908,"date":"2024-06-03T15:50:26","date_gmt":"2024-06-03T15:50:26","guid":{"rendered":"https:\/\/www.voyageursimmobiles.ca\/?p=3908"},"modified":"2024-06-11T12:57:59","modified_gmt":"2024-06-11T12:57:59","slug":"gzaagiin-malenki-au-musee-canadien-de-lhistoire-gatineau","status":"publish","type":"post","link":"https:\/\/www.voyageursimmobiles.ca\/en\/2024\/06\/03\/gzaagiin-malenki-au-musee-canadien-de-lhistoire-gatineau\/","title":{"rendered":"G&#8217;zaagiin male\u0144ki au Mus\u00e9e canadien de l&#8217;Histoire"},"content":{"rendered":"\n<p>Le week-end dernier, nous avons jou\u00e9 G\u2019zaagiin male\u0144ki Je te promets une for\u00eat au Mus\u00e9e canadien de l\u2019Histoire. Apr\u00e8s 99 repr\u00e9sentations, nous arrivons encore \u00e0 vivre des premi\u00e8res fois avec ce spectacle:<\/p>\n\n\n\n<p>Premi\u00e8re fois avec un public d\u2019ados<\/p>\n\n\n\n<p>Premi\u00e8re fois sur ce territoire non-c\u00e9d\u00e9 des peuples algonquins que j\u2019appelle chez nous depuis quelques ann\u00e9es (Gatineau)<\/p>\n\n\n\n<p>Premi\u00e8re fois dans un lieu si impr\u00e9gn\u00e9 d\u2019histoires et de v\u00e9cus, d\u2019objets et de leurs esprits<\/p>\n\n\n\n<p>Et <a><\/a>surtout: premi\u00e8re fois dans le cadre d\u2019un \u00e9v\u00e9nement si important qu\u2019est l\u2019ouverture du Mois de l\u2019Histoire des Peuples Autochtones.<\/p>\n\n\n\n<p>Disons que notre derni\u00e8re repr\u00e9sentation de la saison \u00e9tait pleine d\u2019\u00e9motions.<\/p>\n\n\n\n<p>Merci pour cette opportunit\u00e9, ce privil\u00e8ge, ce d\u00e9fi, cette responsabilit\u00e9.<\/p>\n\n\n\n<p>Maintenant le d\u00e9cor est retourn\u00e9 \u00e0 l\u2019entrep\u00f4t, les costumes sont lav\u00e9s\u2026 et on se dit \u00e0 la saison prochaine.<\/p>\n","protected":false},"excerpt":{"rendered":"<p>Le week-end dernier, nous avons jou\u00e9 G\u2019zaagiin male\u0144ki Je te promets une for\u00eat au Mus\u00e9e canadien de l\u2019Histoire. Apr\u00e8s 99 repr\u00e9sentations, nous arrivons encore \u00e0 vivre des premi\u00e8res fois avec [&hellip;]<\/p>\n","protected":false},"author":3,"featured_media":3909,"comment_status":"closed","ping_status":"open","sticky":false,"template":"","format":"standard","meta":{"_acf_changed":false,"_et_pb_use_builder":"off","_et_pb_old_content":"","_et_gb_content_width":"","footnotes":""},"categories":[1],"tags":[],"class_list":["post-3908","post","type-post","status-publish","format-standard","has-post-thumbnail","hentry","category-non-classifiee"],"acf":[],"_links":{"self":[{"href":"https:\/\/www.voyageursimmobiles.ca\/en\/wp-json\/wp\/v2\/posts\/3908","targetHints":{"allow":["GET"]}}],"collection":[{"href":"https:\/\/www.voyageursimmobiles.ca\/en\/wp-json\/wp\/v2\/posts"}],"about":[{"href":"https:\/\/www.voyageursimmobiles.ca\/en\/wp-json\/wp\/v2\/types\/post"}],"author":[{"embeddable":true,"href":"https:\/\/www.voyageursimmobiles.ca\/en\/wp-json\/wp\/v2\/users\/3"}],"replies":[{"embeddable":true,"href":"https:\/\/www.voyageursimmobiles.ca\/en\/wp-json\/wp\/v2\/comments?post=3908"}],"version-history":[{"count":2,"href":"https:\/\/www.voyageursimmobiles.ca\/en\/wp-json\/wp\/v2\/posts\/3908\/revisions"}],"predecessor-version":[{"id":3981,"href":"https:\/\/www.voyageursimmobiles.ca\/en\/wp-json\/wp\/v2\/posts\/3908\/revisions\/3981"}],"wp:featuredmedia":[{"embeddable":true,"href":"https:\/\/www.voyageursimmobiles.ca\/en\/wp-json\/wp\/v2\/media\/3909"}],"wp:attachment":[{"href":"https:\/\/www.voyageursimmobiles.ca\/en\/wp-json\/wp\/v2\/media?parent=3908"}],"wp:term":[{"taxonomy":"category","embeddable":true,"href":"https:\/\/www.voyageursimmobiles.ca\/en\/wp-json\/wp\/v2\/categories?post=3908"},{"taxonomy":"post_tag","embeddable":true,"href":"https:\/\/www.voyageursimmobiles.ca\/en\/wp-json\/wp\/v2\/tags?post=3908"}],"curies":[{"name":"wp","href":"https:\/\/api.w.org\/{rel}","templated":true}]}}